{"id":106,"date":"2020-09-26T22:17:20","date_gmt":"2020-09-26T20:17:20","guid":{"rendered":"https:\/\/france-cadastre.fr\/site\/?p=106"},"modified":"2024-11-25T10:19:46","modified_gmt":"2024-11-25T09:19:46","slug":"legende-et-abreviations-du-releve-de-propriete","status":"publish","type":"post","link":"https:\/\/france-cadastre.fr\/site\/legende-et-abreviations-du-releve-de-propriete\/","title":{"rendered":"L\u00e9gende et abr\u00e9viations du relev\u00e9 de propri\u00e9t\u00e9"},"content":{"rendered":"\n<p>Tous les relev\u00e9s de propri\u00e9t\u00e9 ne sont pas standardis\u00e9s, suivant qu&rsquo;ils proviennent des services des Imp\u00f4ts ou des mairies. Toutefois, les informations ci-dessous vous aiderons \u00e0 lire correctement vos relev\u00e9s de propri\u00e9t\u00e9 dans la majorit\u00e9 des cas : <\/p>\n\n\n\n<figure class=\"wp-block-image size-large\"><img loading=\"lazy\" decoding=\"async\" width=\"725\" height=\"343\" src=\"https:\/\/france-cadastre.fr\/site\/wp-content\/uploads\/2020\/09\/legende.jpg\" alt=\"\" class=\"wp-image-107\" srcset=\"https:\/\/france-cadastre.fr\/site\/wp-content\/uploads\/2020\/09\/legende.jpg 725w, https:\/\/france-cadastre.fr\/site\/wp-content\/uploads\/2020\/09\/legende-300x142.jpg 300w\" sizes=\"auto, (max-width: 725px) 100vw, 725px\" \/><\/figure>\n\n\n\n<figure class=\"wp-block-table\"><table><tbody><tr><td><strong>1<\/strong><\/td><td><strong>ANNEE DE MAJ<\/strong><\/td><td>Ann\u00e9e de mise \u00e0 jour de la matrice cadastrale<\/td><\/tr><tr><td><strong>2<\/strong><\/td><td><strong>COM<\/strong><\/td><td>Commune o\u00f9 sont situ\u00e9es les parcelles<\/td><\/tr><tr><td><strong>3<\/strong><\/td><td><strong>ROLE<\/strong><\/td><td>Lettre de serie du r\u00f4le fiscal<\/td><\/tr><tr><td><strong>4<\/strong><\/td><td><strong>NUMERO COMMUNAL<\/strong><\/td><td>Compte d&rsquo;imposition du propri\u00e9taire<\/td><\/tr><tr><td><strong>5<\/strong><\/td><td><strong>PROPRIETAIRE<\/strong><\/td><td>Informations sur le\/les propri\u00e9taires (Qualit\u00e9-Nom-Pr\u00e9nom-Adresse&#8230;)<\/td><\/tr><\/tbody><\/table><\/figure>\n\n\n\n<figure class=\"wp-block-table\"><table><tbody><tr><td><strong>6<\/strong><\/td><td><strong>AN<\/strong><\/td><td>Ann\u00e9e d&rsquo;entr\u00e9e dans le compte du propri\u00e9taire<\/td><\/tr><tr><td><strong>7<\/strong><\/td><td><strong>SECTION<\/strong><\/td><td>Lettres de la section cadastrale de la parcelle<\/td><\/tr><tr><td><strong>8<\/strong><\/td><td><strong>N\u00b0PLAN<\/strong><\/td><td>Num\u00e9ro cadastral de la parcelle<\/td><\/tr><tr><td><strong>9<\/strong><\/td><td><strong>N\u00b0VOIRIE<\/strong><\/td><td>Num\u00e9ro de voirie<\/td><\/tr><tr><td><strong>10<\/strong><\/td><td><strong>ADRESSE<\/strong><\/td><td>Adresse de la parcelle<\/td><\/tr><tr><td><strong>11<\/strong><\/td><td><strong>CODE RIVOLI<\/strong><\/td><td>Code administratif de la voie ou du lieu-dit<\/td><\/tr><\/tbody><\/table><\/figure>\n\n\n\n<figure class=\"wp-block-table\"><table><tbody><tr><td><strong>12<\/strong><\/td><td><strong>N\u00b0 PARC PRIM<\/strong><\/td><td>Num\u00e9ro de parcelle primitive c&rsquo;est-\u00e0-dire l&rsquo;ancien num\u00e9ro de parcelle<\/td><\/tr><tr><td><strong>13<\/strong><\/td><td><strong>FP\/DP<\/strong><\/td><td>Figure au plan \/ Domaine public<\/td><\/tr><tr><td><strong>14<\/strong><\/td><td><strong>S TAR<\/strong><\/td><td>\u00ab S\u00e9rie tarif \u00bb (A ou B) = Tarif de la commune<\/td><\/tr><tr><td><strong>15<\/strong><\/td><td><strong>SUF<\/strong><\/td><td>Subdivision fiscale<\/td><\/tr><tr><td><strong>16*<\/strong><\/td><td><strong>GR\/SSGR<\/strong><\/td><td>Groupe\/Sous groupe de nature de culture<\/td><\/tr><tr><td><strong>17<\/strong><\/td><td><strong>CLASSE<\/strong><\/td><td>Classe<\/td><\/tr><tr><td><strong>18*<\/strong><\/td><td><strong>NAT CULT<\/strong><\/td><td>Natures de cultures sp\u00e9ciales<\/td><\/tr><tr><td><strong>19<\/strong><\/td><td><strong>CONTENANCE HA A CA<\/strong><\/td><td>Contenance de la parcelle ou sous-parcelle (en hectares, ares et centiares)<\/td><\/tr><tr><td><strong>20<\/strong><\/td><td><strong>REVENU CADASTRAL<\/strong><\/td><td>Revenu cadastral de la parcelle ou sous parcelle (en euros)<\/td><\/tr><tr><td><strong>21*<\/strong><\/td><td><strong>COLL<\/strong><\/td><td>Collectivit\u00e9<\/td><\/tr><tr><td><strong>22*<\/strong><\/td><td><strong>NAT EXO<\/strong><\/td><td>Natures de l&rsquo;exon\u00e9ration<\/td><\/tr><tr><td><strong>23<\/strong><\/td><td><strong>AN RET<\/strong><\/td><td>Ann\u00e9e de retour \u00e0 l&rsquo;imposition (taxe fonci\u00e8re)<\/td><\/tr><tr><td><strong>24<\/strong><\/td><td><strong>FRANCTION RC EXO<\/strong><\/td><td>Fraction exon\u00e9r\u00e9e<\/td><\/tr><tr><td><strong>25<\/strong><\/td><td><strong>% EXO<\/strong><\/td><td>Le pourcentage de l&rsquo;exon\u00e9ration de la taxe fonci\u00e8re<\/td><\/tr><tr><td><strong>26<\/strong><\/td><td><strong>TC<\/strong><\/td><td>Terrain constructible<\/td><\/tr><\/tbody><\/table><\/figure>\n\n\n\n<figure class=\"wp-block-table\"><table><tbody><tr><td><strong>27<\/strong><\/td><td><strong>LIVRE FONCIER: Feuillet<\/strong><\/td><td>Cette colonne ne concerne que l&rsquo;Alsace-Moselle.<\/td><\/tr><\/tbody><\/table><\/figure>\n\n\n\n<figure class=\"wp-block-table\"><table><tbody><tr><td><strong>28<\/strong><\/td><td><strong>CONT<\/strong><\/td><td>Contenance totale de la propri\u00e9t\u00e9<\/td><\/tr><tr><td><strong>29<\/strong><\/td><td><strong>REV IMPOSABLE<\/strong><\/td><td>Revenu total : revenu exon\u00e9r\u00e9 + revenu impos\u00e9<\/td><\/tr><tr><td><strong>30<\/strong><\/td><td><strong>R EXO<\/strong><\/td><td>Total revenu exon\u00e9r\u00e9<\/td><\/tr><tr><td><strong>31<\/strong><\/td><td><strong>R IMP<\/strong><\/td><td>Total revenu impos\u00e9<\/td><\/tr><tr><td><strong>32<\/strong><\/td><td><strong>TAXE AD<\/strong><\/td><td>Taxe additionnelle<\/td><\/tr><tr><td><strong>33<\/strong><\/td><td><strong>MAJ TC<\/strong><\/td><td>Majoration des terrains constructibles<\/td><\/tr><\/tbody><\/table><\/figure>\n\n\n\n<figure class=\"wp-block-table\"><table><tbody><tr><td><strong>* 16 &#8211; GR\/SSGR : Groupe\/Sous groupe de nature de culture<\/strong><\/td><\/tr><tr><td><strong>B<\/strong><\/td><td>Bois<\/td><td><strong>BF<\/strong><\/td><td>Futaies feuillues<\/td><\/tr><tr><td><strong>BM<\/strong><\/td><td>Futaies mixtes<\/td><td><strong>BO<\/strong><\/td><td>Oseraies<\/td><\/tr><tr><td><strong>BP<\/strong><\/td><td>Peupleraies<\/td><td><strong>BR<\/strong><\/td><td>Futaies r\u00e9sineuses<\/td><\/tr><tr><td><strong>BS<\/strong><\/td><td>Taillis sous futaie<\/td><td><strong>BT<\/strong><\/td><td>Taillis simples<\/td><\/tr><tr><td><strong>LB<\/strong><\/td><td>Landes bois\u00e9es<\/td><td>&nbsp;<\/td><td>&nbsp;<\/td><\/tr><\/tbody><\/table><\/figure>\n\n\n\n<figure class=\"wp-block-table\"><table><tbody><tr><td><strong>* 18 &#8211; NAT CULT : Natures de cultures sp\u00e9ciales<\/strong><\/td><\/tr><tr><td><strong>ACACI<\/strong><\/td><td>Acacias<\/td><td><strong>AIRE<\/strong><\/td><td>Aire ou Airial<\/td><\/tr><tr><td><strong>AULN<\/strong><\/td><td>Aulnaies<\/td><td><strong>CHAT<\/strong><\/td><td>Ch\u00e2taigneraie<\/td><\/tr><tr><td><strong>CHENE<\/strong><\/td><td>Ch\u00eanes<\/td><td><strong>CHLIE<\/strong><\/td><td>Ch\u00eanes li\u00e8ges<\/td><\/tr><tr><td><strong>CHVER<\/strong><\/td><td>Ch\u00eanes verts<\/td><td><strong>MELEZ<\/strong><\/td><td>M\u00e9l\u00e8zes<\/td><\/tr><tr><td><strong>NATUR<\/strong><\/td><td>Bois naturel<\/td><td><strong>ORME<\/strong><\/td><td>Ormaies<\/td><\/tr><tr><td><strong>EUCAL<\/strong><\/td><td>Eucalyptus<\/td><td><strong>PIN<\/strong><\/td><td>Pins<\/td><\/tr><tr><td><strong>RESIN<\/strong><\/td><td>R\u00e9sineux<\/td><td><strong>SAPIN<\/strong><\/td><td>Sapins<\/td><\/tr><tr><td><strong>SAULE<\/strong><\/td><td>Saulaie<\/td><td><strong>HETRE<\/strong><\/td><td>H\u00eatres<\/td><\/tr><\/tbody><\/table><\/figure>\n\n\n\n<figure class=\"wp-block-table\"><table><tbody><tr><td><strong>* 21 \u2013 COLL : Collectivit\u00e9<\/strong><\/td><\/tr><tr><td><strong>TC<\/strong><\/td><td>Toutes collectivit\u00e9s<\/td><td><strong>C<\/strong><\/td><td>Communes<\/td><\/tr><tr><td><strong>GC<\/strong><\/td><td>Groupement de communes<\/td><td><strong>D<\/strong><\/td><td>D\u00e9partement<\/td><\/tr><tr><td><strong>R<\/strong><\/td><td>R\u00e9gion<\/td><td>&nbsp;<\/td><td>&nbsp;<\/td><\/tr><\/tbody><\/table><\/figure>\n\n\n\n<figure class=\"wp-block-table\"><table><tbody><tr><td><strong>* 22 \u2013 NAT EXO : Natures de cultures exon\u00e9r\u00e9es<\/strong><\/td><\/tr><tr><td><strong>RT<\/strong><\/td><td>Exon\u00e9ration permanente des chemins<\/td><td><strong>TA<\/strong><\/td><td>Terres agricoles<\/td><\/tr><tr><td><strong>NO<\/strong><\/td><td>Noyers<\/td><td><strong>TR<\/strong><\/td><td>Plantation de truffier<\/td><\/tr><tr><td><strong>PB<\/strong><\/td><td>Plantation nature de bois<\/td><td><strong>PF<\/strong><\/td><td>Feuillus<\/td><\/tr><tr><td><strong>PP<\/strong><\/td><td>Peupliers<\/td><td><strong>PR<\/strong><\/td><td>R\u00e9sineux<\/td><\/tr><tr><td><strong>ER<\/strong><\/td><td>Futaies irr\u00e9guli\u00e8res en r\u00e9g\u00e9n\u00e9ration naturelle<\/td><td><strong>OL<\/strong><\/td><td>Oliviers<\/td><\/tr><tr><td><strong>TU<\/strong><\/td><td>Nouvelle plantation truffi\u00e8re<\/td><td><strong>NA<\/strong><\/td><td>Natura 2000<\/td><\/tr><\/tbody><\/table><\/figure>\n","protected":false},"excerpt":{"rendered":"<p>Tous les relev\u00e9s de propri\u00e9t\u00e9 ne sont pas standardis\u00e9s, suivant qu&rsquo;ils proviennent des services des Imp\u00f4ts ou des mairies. Toutefois, les informations ci-dessous vous aiderons \u00e0 lire correctement vos relev\u00e9s de propri\u00e9t\u00e9 dans la majorit\u00e9 des cas : 1 ANNEE&hellip;<\/p>\n","protected":false},"author":1,"featured_media":107,"comment_status":"closed","ping_status":"closed","sticky":false,"template":"","format":"standard","meta":{"footnotes":""},"categories":[1],"tags":[],"post_series":[],"class_list":["post-106","post","type-post","status-publish","format-standard","has-post-thumbnail","hentry","category-ressources","entry","has-media"],"yoast_head":"<!-- This site is optimized with the Yoast SEO plugin v24.9 - https:\/\/yoast.com\/wordpress\/plugins\/seo\/ -->\n<title>L\u00e9gende et abr\u00e9viations du relev\u00e9 de propri\u00e9t\u00e9 - France Cadastre<\/title>\n<meta name=\"robots\" content=\"index, follow, max-snippet:-1, max-image-preview:large, max-video-preview:-1\" \/>\n<link rel=\"canonical\" href=\"https:\/\/france-cadastre.fr\/site\/legende-et-abreviations-du-releve-de-propriete\/\" \/>\n<meta property=\"og:locale\" content=\"fr_FR\" \/>\n<meta property=\"og:type\" content=\"article\" \/>\n<meta property=\"og:title\" content=\"L\u00e9gende et abr\u00e9viations du relev\u00e9 de propri\u00e9t\u00e9 - France Cadastre\" \/>\n<meta property=\"og:description\" content=\"Tous les relev\u00e9s de propri\u00e9t\u00e9 ne sont pas standardis\u00e9s, suivant qu&rsquo;ils proviennent des services des Imp\u00f4ts ou des mairies. Toutefois, les informations ci-dessous vous aiderons \u00e0 lire correctement vos relev\u00e9s de propri\u00e9t\u00e9 dans la majorit\u00e9 des cas : 1 ANNEE&hellip;\" \/>\n<meta property=\"og:url\" content=\"https:\/\/france-cadastre.fr\/site\/legende-et-abreviations-du-releve-de-propriete\/\" \/>\n<meta property=\"og:site_name\" content=\"France Cadastre\" \/>\n<meta property=\"article:published_time\" content=\"2020-09-26T20:17:20+00:00\" \/>\n<meta property=\"article:modified_time\" content=\"2024-11-25T09:19:46+00:00\" \/>\n<meta property=\"og:image\" content=\"https:\/\/france-cadastre.fr\/site\/wp-content\/uploads\/2020\/09\/legende.jpg\" \/>\n\t<meta property=\"og:image:width\" content=\"725\" \/>\n\t<meta property=\"og:image:height\" content=\"343\" \/>\n\t<meta property=\"og:image:type\" content=\"image\/jpeg\" \/>\n<meta name=\"author\" content=\"valentin\" \/>\n<meta name=\"twitter:card\" content=\"summary_large_image\" \/>\n<meta name=\"twitter:label1\" content=\"\u00c9crit par\" \/>\n\t<meta name=\"twitter:data1\" content=\"valentin\" \/>\n\t<meta name=\"twitter:label2\" content=\"Dur\u00e9e de lecture estim\u00e9e\" \/>\n\t<meta name=\"twitter:data2\" content=\"2 minutes\" \/>\n<script type=\"application\/ld+json\" class=\"yoast-schema-graph\">{\"@context\":\"https:\/\/schema.org\",\"@graph\":[{\"@type\":\"WebPage\",\"@id\":\"https:\/\/france-cadastre.fr\/site\/legende-et-abreviations-du-releve-de-propriete\/\",\"url\":\"https:\/\/france-cadastre.fr\/site\/legende-et-abreviations-du-releve-de-propriete\/\",\"name\":\"L\u00e9gende et abr\u00e9viations du relev\u00e9 de propri\u00e9t\u00e9 - France Cadastre\",\"isPartOf\":{\"@id\":\"https:\/\/france-cadastre.fr\/site\/#website\"},\"primaryImageOfPage\":{\"@id\":\"https:\/\/france-cadastre.fr\/site\/legende-et-abreviations-du-releve-de-propriete\/#primaryimage\"},\"image\":{\"@id\":\"https:\/\/france-cadastre.fr\/site\/legende-et-abreviations-du-releve-de-propriete\/#primaryimage\"},\"thumbnailUrl\":\"https:\/\/france-cadastre.fr\/site\/wp-content\/uploads\/2020\/09\/legende.jpg\",\"datePublished\":\"2020-09-26T20:17:20+00:00\",\"dateModified\":\"2024-11-25T09:19:46+00:00\",\"author\":{\"@id\":\"https:\/\/france-cadastre.fr\/site\/#\/schema\/person\/143233e0b94cc8ee6727937ff598c57c\"},\"breadcrumb\":{\"@id\":\"https:\/\/france-cadastre.fr\/site\/legende-et-abreviations-du-releve-de-propriete\/#breadcrumb\"},\"inLanguage\":\"fr-FR\",\"potentialAction\":[{\"@type\":\"ReadAction\",\"target\":[\"https:\/\/france-cadastre.fr\/site\/legende-et-abreviations-du-releve-de-propriete\/\"]}]},{\"@type\":\"ImageObject\",\"inLanguage\":\"fr-FR\",\"@id\":\"https:\/\/france-cadastre.fr\/site\/legende-et-abreviations-du-releve-de-propriete\/#primaryimage\",\"url\":\"https:\/\/france-cadastre.fr\/site\/wp-content\/uploads\/2020\/09\/legende.jpg\",\"contentUrl\":\"https:\/\/france-cadastre.fr\/site\/wp-content\/uploads\/2020\/09\/legende.jpg\",\"width\":725,\"height\":343},{\"@type\":\"BreadcrumbList\",\"@id\":\"https:\/\/france-cadastre.fr\/site\/legende-et-abreviations-du-releve-de-propriete\/#breadcrumb\",\"itemListElement\":[{\"@type\":\"ListItem\",\"position\":1,\"name\":\"Accueil\",\"item\":\"https:\/\/france-cadastre.fr\/site\/\"},{\"@type\":\"ListItem\",\"position\":2,\"name\":\"L\u00e9gende et abr\u00e9viations du relev\u00e9 de propri\u00e9t\u00e9\"}]},{\"@type\":\"WebSite\",\"@id\":\"https:\/\/france-cadastre.fr\/site\/#website\",\"url\":\"https:\/\/france-cadastre.fr\/site\/\",\"name\":\"France Cadastre\",\"description\":\"Le cadastre fran\u00e7ais accessible \u00e0 tous !\",\"potentialAction\":[{\"@type\":\"SearchAction\",\"target\":{\"@type\":\"EntryPoint\",\"urlTemplate\":\"https:\/\/france-cadastre.fr\/site\/?s={search_term_string}\"},\"query-input\":{\"@type\":\"PropertyValueSpecification\",\"valueRequired\":true,\"valueName\":\"search_term_string\"}}],\"inLanguage\":\"fr-FR\"},{\"@type\":\"Person\",\"@id\":\"https:\/\/france-cadastre.fr\/site\/#\/schema\/person\/143233e0b94cc8ee6727937ff598c57c\",\"name\":\"valentin\",\"image\":{\"@type\":\"ImageObject\",\"inLanguage\":\"fr-FR\",\"@id\":\"https:\/\/france-cadastre.fr\/site\/#\/schema\/person\/image\/\",\"url\":\"https:\/\/secure.gravatar.com\/avatar\/bbf36e20b63d7d02209b58ef5decd017f817d7eb18dedb87e1c6ef13c562a83b?s=96&d=mm&r=g\",\"contentUrl\":\"https:\/\/secure.gravatar.com\/avatar\/bbf36e20b63d7d02209b58ef5decd017f817d7eb18dedb87e1c6ef13c562a83b?s=96&d=mm&r=g\",\"caption\":\"valentin\"},\"url\":\"https:\/\/france-cadastre.fr\/site\/author\/valentin\/\"}]}<\/script>\n<!-- \/ Yoast SEO plugin. -->","yoast_head_json":{"title":"L\u00e9gende et abr\u00e9viations du relev\u00e9 de propri\u00e9t\u00e9 - France Cadastre","robots":{"index":"index","follow":"follow","max-snippet":"max-snippet:-1","max-image-preview":"max-image-preview:large","max-video-preview":"max-video-preview:-1"},"canonical":"https:\/\/france-cadastre.fr\/site\/legende-et-abreviations-du-releve-de-propriete\/","og_locale":"fr_FR","og_type":"article","og_title":"L\u00e9gende et abr\u00e9viations du relev\u00e9 de propri\u00e9t\u00e9 - France Cadastre","og_description":"Tous les relev\u00e9s de propri\u00e9t\u00e9 ne sont pas standardis\u00e9s, suivant qu&rsquo;ils proviennent des services des Imp\u00f4ts ou des mairies. Toutefois, les informations ci-dessous vous aiderons \u00e0 lire correctement vos relev\u00e9s de propri\u00e9t\u00e9 dans la majorit\u00e9 des cas : 1 ANNEE&hellip;","og_url":"https:\/\/france-cadastre.fr\/site\/legende-et-abreviations-du-releve-de-propriete\/","og_site_name":"France Cadastre","article_published_time":"2020-09-26T20:17:20+00:00","article_modified_time":"2024-11-25T09:19:46+00:00","og_image":[{"width":725,"height":343,"url":"https:\/\/france-cadastre.fr\/site\/wp-content\/uploads\/2020\/09\/legende.jpg","type":"image\/jpeg"}],"author":"valentin","twitter_card":"summary_large_image","twitter_misc":{"\u00c9crit par":"valentin","Dur\u00e9e de lecture estim\u00e9e":"2 minutes"},"schema":{"@context":"https:\/\/schema.org","@graph":[{"@type":"WebPage","@id":"https:\/\/france-cadastre.fr\/site\/legende-et-abreviations-du-releve-de-propriete\/","url":"https:\/\/france-cadastre.fr\/site\/legende-et-abreviations-du-releve-de-propriete\/","name":"L\u00e9gende et abr\u00e9viations du relev\u00e9 de propri\u00e9t\u00e9 - France Cadastre","isPartOf":{"@id":"https:\/\/france-cadastre.fr\/site\/#website"},"primaryImageOfPage":{"@id":"https:\/\/france-cadastre.fr\/site\/legende-et-abreviations-du-releve-de-propriete\/#primaryimage"},"image":{"@id":"https:\/\/france-cadastre.fr\/site\/legende-et-abreviations-du-releve-de-propriete\/#primaryimage"},"thumbnailUrl":"https:\/\/france-cadastre.fr\/site\/wp-content\/uploads\/2020\/09\/legende.jpg","datePublished":"2020-09-26T20:17:20+00:00","dateModified":"2024-11-25T09:19:46+00:00","author":{"@id":"https:\/\/france-cadastre.fr\/site\/#\/schema\/person\/143233e0b94cc8ee6727937ff598c57c"},"breadcrumb":{"@id":"https:\/\/france-cadastre.fr\/site\/legende-et-abreviations-du-releve-de-propriete\/#breadcrumb"},"inLanguage":"fr-FR","potentialAction":[{"@type":"ReadAction","target":["https:\/\/france-cadastre.fr\/site\/legende-et-abreviations-du-releve-de-propriete\/"]}]},{"@type":"ImageObject","inLanguage":"fr-FR","@id":"https:\/\/france-cadastre.fr\/site\/legende-et-abreviations-du-releve-de-propriete\/#primaryimage","url":"https:\/\/france-cadastre.fr\/site\/wp-content\/uploads\/2020\/09\/legende.jpg","contentUrl":"https:\/\/france-cadastre.fr\/site\/wp-content\/uploads\/2020\/09\/legende.jpg","width":725,"height":343},{"@type":"BreadcrumbList","@id":"https:\/\/france-cadastre.fr\/site\/legende-et-abreviations-du-releve-de-propriete\/#breadcrumb","itemListElement":[{"@type":"ListItem","position":1,"name":"Accueil","item":"https:\/\/france-cadastre.fr\/site\/"},{"@type":"ListItem","position":2,"name":"L\u00e9gende et abr\u00e9viations du relev\u00e9 de propri\u00e9t\u00e9"}]},{"@type":"WebSite","@id":"https:\/\/france-cadastre.fr\/site\/#website","url":"https:\/\/france-cadastre.fr\/site\/","name":"France Cadastre","description":"Le cadastre fran\u00e7ais accessible \u00e0 tous !","potentialAction":[{"@type":"SearchAction","target":{"@type":"EntryPoint","urlTemplate":"https:\/\/france-cadastre.fr\/site\/?s={search_term_string}"},"query-input":{"@type":"PropertyValueSpecification","valueRequired":true,"valueName":"search_term_string"}}],"inLanguage":"fr-FR"},{"@type":"Person","@id":"https:\/\/france-cadastre.fr\/site\/#\/schema\/person\/143233e0b94cc8ee6727937ff598c57c","name":"valentin","image":{"@type":"ImageObject","inLanguage":"fr-FR","@id":"https:\/\/france-cadastre.fr\/site\/#\/schema\/person\/image\/","url":"https:\/\/secure.gravatar.com\/avatar\/bbf36e20b63d7d02209b58ef5decd017f817d7eb18dedb87e1c6ef13c562a83b?s=96&d=mm&r=g","contentUrl":"https:\/\/secure.gravatar.com\/avatar\/bbf36e20b63d7d02209b58ef5decd017f817d7eb18dedb87e1c6ef13c562a83b?s=96&d=mm&r=g","caption":"valentin"},"url":"https:\/\/france-cadastre.fr\/site\/author\/valentin\/"}]}},"_links":{"self":[{"href":"https:\/\/france-cadastre.fr\/site\/wp-json\/wp\/v2\/posts\/106","targetHints":{"allow":["GET"]}}],"collection":[{"href":"https:\/\/france-cadastre.fr\/site\/wp-json\/wp\/v2\/posts"}],"about":[{"href":"https:\/\/france-cadastre.fr\/site\/wp-json\/wp\/v2\/types\/post"}],"author":[{"embeddable":true,"href":"https:\/\/france-cadastre.fr\/site\/wp-json\/wp\/v2\/users\/1"}],"replies":[{"embeddable":true,"href":"https:\/\/france-cadastre.fr\/site\/wp-json\/wp\/v2\/comments?post=106"}],"version-history":[{"count":2,"href":"https:\/\/france-cadastre.fr\/site\/wp-json\/wp\/v2\/posts\/106\/revisions"}],"predecessor-version":[{"id":109,"href":"https:\/\/france-cadastre.fr\/site\/wp-json\/wp\/v2\/posts\/106\/revisions\/109"}],"wp:featuredmedia":[{"embeddable":true,"href":"https:\/\/france-cadastre.fr\/site\/wp-json\/wp\/v2\/media\/107"}],"wp:attachment":[{"href":"https:\/\/france-cadastre.fr\/site\/wp-json\/wp\/v2\/media?parent=106"}],"wp:term":[{"taxonomy":"category","embeddable":true,"href":"https:\/\/france-cadastre.fr\/site\/wp-json\/wp\/v2\/categories?post=106"},{"taxonomy":"post_tag","embeddable":true,"href":"https:\/\/france-cadastre.fr\/site\/wp-json\/wp\/v2\/tags?post=106"},{"taxonomy":"post_series","embeddable":true,"href":"https:\/\/france-cadastre.fr\/site\/wp-json\/wp\/v2\/post_series?post=106"}],"curies":[{"name":"wp","href":"https:\/\/api.w.org\/{rel}","templated":true}]}}